{"id":14159,"date":"2024-03-19T10:24:56","date_gmt":"2024-03-19T07:24:56","guid":{"rendered":"https:\/\/www.enmistemizlik.com\/?p=14159"},"modified":"2024-03-19T10:24:56","modified_gmt":"2024-03-19T07:24:56","slug":"akyazi-insan-kaynaklari","status":"publish","type":"post","link":"https:\/\/www.enmistemizlik.com\/index.php\/akyazi-insan-kaynaklari.html","title":{"rendered":"Akyaz\u0131 \u0130nsan Kaynaklar\u0131"},"content":{"rendered":"<p><strong>Akyaz\u0131 \u0130l\u00e7esinde <a href=\"http:\/\/enmistemizlik.com\">\u0130nsan Kaynaklar\u0131<\/a> Y\u00f6netimi: Tar\u0131m\u0131n ve \u0130stihdam\u0131n \u00d6nemi<\/strong><\/p>\n<p>Akyaz\u0131, Sakarya iline ba\u011fl\u0131 olan ve tar\u0131m\u0131n \u00f6nemli merkezlerinden biri olarak bilinen bir il\u00e7edir. Tar\u0131m sekt\u00f6r\u00fc, Akyaz\u0131&#8217;n\u0131n ekonomik ve sosyal yap\u0131s\u0131nda belirleyici bir rol oynamaktad\u0131r ve dolay\u0131s\u0131yla <a href=\"http:\/\/enmistemizlik.com\/\">insan kaynaklar\u0131 <\/a>y\u00f6netimi, bu sekt\u00f6r\u00fcn verimlili\u011fi ve s\u00fcrd\u00fcr\u00fclebilirli\u011fi i\u00e7in kritik bir \u00f6neme sahiptir.<\/p>\n<p>Akyaz\u0131&#8217;da Tar\u0131m \u0130\u015fg\u00fcc\u00fc Potansiyeli ve Niteli\u011fi<\/p>\n<p>Akyaz\u0131 il\u00e7esi, verimli tar\u0131m arazilerine sahip olmas\u0131yla bilinir ve bu nedenle tar\u0131m sekt\u00f6r\u00fcnde geni\u015f bir i\u015fg\u00fcc\u00fc potansiyeline sahiptir. Ancak, tar\u0131m sekt\u00f6r\u00fcnde \u00e7al\u0131\u015fanlar\u0131n niteli\u011fi ve e\u011fitim d\u00fczeyi, sekt\u00f6r\u00fcn rekabet\u00e7ili\u011fi ve verimlili\u011fi a\u00e7\u0131s\u0131ndan \u00f6nemlidir. <a href=\"http:\/\/enmistemizlik.com\/\">\u0130nsan kaynaklar\u0131<\/a> y\u00f6netimi, tar\u0131m i\u015fg\u00fcc\u00fcn\u00fcn e\u011fitim ve yeteneklerini art\u0131rmak i\u00e7in \u00e7e\u015fitli e\u011fitim ve destek programlar\u0131n\u0131n uygulanmas\u0131n\u0131 sa\u011flamal\u0131d\u0131r.<\/p>\n<p>Akyaz\u0131&#8217;da Tar\u0131m ve \u0130stihdam \u0130li\u015fkisi<\/p>\n<p>Akyaz\u0131 il\u00e7esinde tar\u0131m sekt\u00f6r\u00fcn\u00fcn istihdama olan katk\u0131s\u0131 olduk\u00e7a b\u00fcy\u00fckt\u00fcr. Tar\u0131m faaliyetleri, hem tarlada \u00e7al\u0131\u015fan i\u015f\u00e7ileri hem de tar\u0131m \u00fcr\u00fcnlerinin i\u015flenmesi ve pazarlanmas\u0131 i\u00e7in \u00e7e\u015fitli i\u015f kollar\u0131nda istihdam sa\u011flamaktad\u0131r. Bu nedenle, tar\u0131m sekt\u00f6r\u00fcndeki istihdam\u0131n korunmas\u0131 ve geli\u015ftirilmesi, Akyaz\u0131 il\u00e7esinin ekonomik kalk\u0131nmas\u0131 i\u00e7in hayati bir \u00f6neme sahiptir.<\/p>\n<p>Akyaz\u0131 \u0130l\u00e7esi \u0130\u00e7in<a href=\"http:\/\/enmistemizlik.com\/\"> \u0130nsan Kaynaklar\u0131<\/a> Y\u00f6netimi Stratejileri<\/p>\n<p>Akyaz\u0131 il\u00e7esinde <a href=\"http:\/\/enmistemizlik.com\/\">insan kaynaklar\u0131<\/a> y\u00f6netimi stratejileri, tar\u0131m sekt\u00f6r\u00fcn\u00fcn istihdam potansiyelini ve verimlili\u011fini art\u0131rmaya odaklanmal\u0131d\u0131r. Bu stratejiler aras\u0131nda \u015funlar yer alabilir:<\/p>\n<ol>\n<li>Tar\u0131m \u0130\u015f\u00e7ilerinin E\u011fitimi: Tar\u0131m sekt\u00f6r\u00fcnde \u00e7al\u0131\u015fanlar\u0131n e\u011fitim ve mesleki geli\u015fimlerini desteklemek i\u00e7in \u00e7e\u015fitli e\u011fitim programlar\u0131 d\u00fczenlenmelidir. Bu programlar, tar\u0131m i\u015f\u00e7ilerinin yeteneklerini art\u0131rarak verimlili\u011fi art\u0131rabilir.<\/li>\n<li>Tar\u0131m Destek Programlar\u0131: Akyaz\u0131 il\u00e7esinde tar\u0131m sekt\u00f6r\u00fcn\u00fc desteklemek amac\u0131yla \u00e7e\u015fitli te\u015fvik ve destek programlar\u0131 uygulanmal\u0131d\u0131r. Bu programlar, \u00e7ift\u00e7ilere teknik destek, mali te\u015fvikler ve pazarlama olanaklar\u0131 sunarak sekt\u00f6r\u00fcn rekabet g\u00fcc\u00fcn\u00fc art\u0131rabilir.<\/li>\n<li>Gen\u00e7 \u00c7ift\u00e7i Te\u015fvikleri: Akyaz\u0131 il\u00e7esinde gen\u00e7 n\u00fcfusun tar\u0131m sekt\u00f6r\u00fcne ilgisini art\u0131rmak i\u00e7in \u00e7e\u015fitli te\u015fvikler ve destekler sa\u011flanmal\u0131d\u0131r. Gen\u00e7 \u00e7ift\u00e7ilere kredi imkanlar\u0131, arazi tahsisi ve tar\u0131m ekipman\u0131 deste\u011fi gibi olanaklar sunarak sekt\u00f6rde yeni giri\u015fimcilerin \u00f6n\u00fcn\u00fc a\u00e7abilir.<\/li>\n<\/ol>\n<p>Sonu\u00e7 olarak, Akyaz\u0131 il\u00e7esi, tar\u0131m sekt\u00f6r\u00fcyle yak\u0131ndan ili\u015fkili olan bir yerle\u015fim birimidir ve insan kaynaklar\u0131 y\u00f6netimi, tar\u0131m\u0131n s\u00fcrd\u00fcr\u00fclebilirli\u011fi ve istihdam\u0131n art\u0131r\u0131lmas\u0131 i\u00e7in hayati bir rol oynamaktad\u0131r. Bu nedenle, il\u00e7enin ekonomik ve sosyal kalk\u0131nmas\u0131 i\u00e7in etkili <a href=\"http:\/\/enmistemizlik.com\/\">insan kaynaklar\u0131<\/a> y\u00f6netimi stratejilerinin uygulanmas\u0131 \u00f6nemlidir.<\/p>\n","protected":false},"excerpt":{"rendered":"<p>Akyaz\u0131 \u0130l\u00e7esinde \u0130nsan Kaynaklar\u0131 Y\u00f6netimi: Tar\u0131m\u0131n ve \u0130stihdam\u0131n \u00d6nemi Akyaz\u0131, Sakarya iline ba\u011fl\u0131 olan ve tar\u0131m\u0131n \u00f6nemli merkezlerinden biri olarak bilinen bir il\u00e7edir. Tar\u0131m sekt\u00f6r\u00fc, Akyaz\u0131&#8217;n\u0131n ekonomik ve sosyal yap\u0131s\u0131nda belirleyici bir rol oynamaktad\u0131r ve dolay\u0131s\u0131yla insan kaynaklar\u0131 y\u00f6netimi, bu sekt\u00f6r\u00fcn verimlili\u011fi ve s\u00fcrd\u00fcr\u00fclebilirli\u011fi i\u00e7in kritik bir \u00f6neme sahiptir. Akyaz\u0131&#8217;da Tar\u0131m \u0130\u015fg\u00fcc\u00fc Potansiyeli ve Niteli\u011fi&#8230;<\/p>\n","protected":false},"author":3,"featured_media":14138,"comment_status":"open","ping_status":"open","sticky":false,"template":"","format":"standard","meta":{"content-type":"","ngg_post_thumbnail":0,"footnotes":""},"categories":[782,776],"tags":[783,777,775],"_links":{"self":[{"href":"https:\/\/www.enmistemizlik.com\/index.php\/wp-json\/wp\/v2\/posts\/14159"}],"collection":[{"href":"https:\/\/www.enmistemizlik.com\/index.php\/wp-json\/wp\/v2\/posts"}],"about":[{"href":"https:\/\/www.enmistemizlik.com\/index.php\/wp-json\/wp\/v2\/types\/post"}],"author":[{"embeddable":true,"href":"https:\/\/www.enmistemizlik.com\/index.php\/wp-json\/wp\/v2\/users\/3"}],"replies":[{"embeddable":true,"href":"https:\/\/www.enmistemizlik.com\/index.php\/wp-json\/wp\/v2\/comments?post=14159"}],"version-history":[{"count":2,"href":"https:\/\/www.enmistemizlik.com\/index.php\/wp-json\/wp\/v2\/posts\/14159\/revisions"}],"predecessor-version":[{"id":14168,"href":"https:\/\/www.enmistemizlik.com\/index.php\/wp-json\/wp\/v2\/posts\/14159\/revisions\/14168"}],"wp:featuredmedia":[{"embeddable":true,"href":"https:\/\/www.enmistemizlik.com\/index.php\/wp-json\/wp\/v2\/media\/14138"}],"wp:attachment":[{"href":"https:\/\/www.enmistemizlik.com\/index.php\/wp-json\/wp\/v2\/media?parent=14159"}],"wp:term":[{"taxonomy":"category","embeddable":true,"href":"https:\/\/www.enmistemizlik.com\/index.php\/wp-json\/wp\/v2\/categories?post=14159"},{"taxonomy":"post_tag","embeddable":true,"href":"https:\/\/www.enmistemizlik.com\/index.php\/wp-json\/wp\/v2\/tags?post=14159"}],"curies":[{"name":"wp","href":"https:\/\/api.w.org\/{rel}","templated":true}]}}